[{"@context":"https:\/\/schema.org\/","@type":"Article","@id":"https:\/\/www.zpraku.cz\/uzivejte-si-hezke-zazitky\/#Article","mainEntityOfPage":"https:\/\/www.zpraku.cz\/uzivejte-si-hezke-zazitky\/","headline":"U\u017e\u00edvejte si hezk\u00e9 z\u00e1\u017eitky","name":"U\u017e\u00edvejte si hezk\u00e9 z\u00e1\u017eitky","description":"\u017divot bychom si m\u011bli n\u00e1le\u017eit\u011b u\u017e\u00edvat, proto\u017ee nikdy nev\u00edme, kter\u00fd den bude n\u00e1\u0161 posledn\u00ed. Abyste m\u011bli hezk\u00e9 okam\u017eiky zachycen\u00e9, tak je tu odborn\u00fd fotograf. U\u017e\u00edvejte si hezk\u00e9 z\u00e1\u017eitky Pr\u00e1ce nen\u00ed v\u0161echno V\u011bt\u0161ina lid\u00ed d\u011bl\u00e1 ka\u017ed\u00fd t\u00fdden des\u00edtky hodin v pr\u00e1ci, aby m\u011bli z \u010deho zaplatit v\u0161echny sv\u00e9 v\u00fddaje. Mnohdy m\u00e1me taky je\u0161t\u011b pr\u00e1ci a starosti [&hellip;]","datePublished":"2021-07-02","dateModified":"2023-05-15","author":{"@type":"Person","@id":"https:\/\/www.zpraku.cz\/author\/#Person","name":"","url":"https:\/\/www.zpraku.cz\/author\/","identifier":1,"image":{"@type":"ImageObject","@id":"https:\/\/secure.gravatar.com\/avatar\/9cae764794acc12213aa530e21558ed2bd96c03f91e0c3ad21cc1905765be658?s=96&d=mm&r=g","url":"https:\/\/secure.gravatar.com\/avatar\/9cae764794acc12213aa530e21558ed2bd96c03f91e0c3ad21cc1905765be658?s=96&d=mm&r=g","height":96,"width":96}},"publisher":{"@type":"Organization","name":"zpraku.cz","logo":{"@type":"ImageObject","@id":"\/logo.png","url":"\/logo.png","width":600,"height":60}},"image":{"@type":"ImageObject","@id":"https:\/\/www.zpraku.cz\/wp-content\/uploads\/dovolen%C3%A1%20u%20mo%C5%99e_1.jpg","url":"https:\/\/www.zpraku.cz\/wp-content\/uploads\/dovolen%C3%A1%20u%20mo%C5%99e_1.jpg","height":0,"width":0},"url":"https:\/\/www.zpraku.cz\/uzivejte-si-hezke-zazitky\/","about":["Slu\u017eby"],"wordCount":471,"articleBody":"    \u017divot bychom si m\u011bli n\u00e1le\u017eit\u011b u\u017e\u00edvat, proto\u017ee nikdy nev\u00edme, kter\u00fd den bude n\u00e1\u0161 posledn\u00ed. Abyste m\u011bli hezk\u00e9 okam\u017eiky zachycen\u00e9, tak je tu odborn\u00fd fotograf.U\u017e\u00edvejte si hezk\u00e9 z\u00e1\u017eitkyPr\u00e1ce nen\u00ed v\u0161echnoV\u011bt\u0161ina lid\u00ed d\u011bl\u00e1 ka\u017ed\u00fd t\u00fdden des\u00edtky hodin v pr\u00e1ci, aby m\u011bli z \u010deho zaplatit v\u0161echny sv\u00e9 v\u00fddaje. Mnohdy m\u00e1me taky je\u0161t\u011b pr\u00e1ci a starosti doma, tak\u017ee cel\u00fd den je ve fin\u00e1le velmi vy\u010derp\u00e1vaj\u00edc\u00ed. Nen\u00ed dobr\u00e9 \u017e\u00edt v takov\u00e9m kolob\u011bhu, proto\u017ee to neprosp\u00edv\u00e1 ani na\u0161emu psychick\u00e9mu zdrav\u00ed. Je toti\u017e d\u016fle\u017eit\u00e9, abychom si v \u017eivot\u011b u\u017e\u00edvali i hezk\u00e9 chv\u00edle a byli jsme \u0161\u0165astn\u00ed. Tak\u017ee si najd\u011bte t\u0159eba n\u011bjak\u00fd kon\u00ed\u010dek, u kter\u00e9ho budete r\u00e1di tr\u00e1vit \u010das, cho\u010fte do p\u0159\u00edrody, podnikejte akce s kamar\u00e1dy a dal\u0161\u00ed akce, kter\u00e9 V\u00e1s budou bavit, p\u0159i\u010dem\u017e u ka\u017ed\u00e9ho je to n\u011bco jin\u00e9ho. I kdy\u017e nem\u00e1me moc \u010dasu, tak se vyplat\u00ed naj\u00edt si t\u0159eba ka\u017ed\u00fd t\u00fdden p\u00e1r hodin pro sebe a n\u00e1le\u017eit\u011b si je u\u017e\u00edt. L\u00e9ta neust\u00e1le p\u0159ib\u00fdvaj\u00ed a \u010das nelze vr\u00e1tit zp\u011bt, p\u0159i\u010dem\u017e jednou bychom mohli litovat, \u017ee jsme v\u011bt\u0161inu \u010dasu str\u00e1vili prac\u00ed. Mnoho lid\u00ed se tak\u00e9 \u017eene za pen\u011bzi, ale ty nejsou rozhodn\u011b v\u0161echno, kdy za n\u011b jde koupit spousta v\u011bc\u00ed, ale n\u011bkter\u00e9 n\u00e1m prost\u011b nikdy nem\u016f\u017eou nahradit.Zachycen\u00ed fotkouZ hezk\u00fdch z\u00e1\u017eitk\u016f m\u00e1me spoustu vzpom\u00ednek, ale hod\u00ed se m\u00edt je zaznamenan\u00e9 pomoc\u00ed fotografie, proto\u017ee ty dnes maj\u00ed opravdu hezkou kvalitu a rozli\u0161en\u00ed, tak\u017ee to vypad\u00e1, jako bychom se d\u00edvali vlastn\u00edma o\u010dima. Pro b\u011b\u017en\u00e9 focen\u00ed n\u00e1m sta\u010d\u00ed modern\u00ed chytr\u00fd telefon, proto\u017ee v\u011bt\u0161ina m\u00e1 solidn\u00ed fotoapar\u00e1ty. Potom tu m\u00e1me velmi v\u00fdznamn\u00e9 ud\u00e1losti, kter\u00e9 pro\u017e\u00edv\u00e1me klidn\u011b jenom jednou za \u017eivot, co\u017e je nap\u0159\u00edklad svatba. Zde se opravdu hod\u00ed domluvit se sfotografem Ostrava Vlcekjan, proto\u017ee ten m\u00e1 s focen\u00edm mnohalet\u00e9 zku\u0161enosti a zejm\u00e9na se specializuje na svatba.Na webu naleznete jeho fotografie, p\u0159i\u010dem\u017e i profesion\u00e1l V\u00e1m potvrd\u00ed, \u017ee jsou na velmi dobr\u00e9 \u00farovni. Je to skv\u011bl\u00e1 pam\u00e1tka, kterou si m\u016f\u017eou prohl\u00ed\u017eet klidn\u011b i n\u00e1sleduj\u00edc\u00ed generace, p\u0159i\u010dem\u017e p\u0159i pohledu na takovou fotografii si v\u017edy m\u016f\u017eete zavzpom\u00ednat. Fotograf za V\u00e1mi r\u00e1d p\u0159ijde, jenom neprome\u0161kejte rezervaci term\u00ednu, proto\u017ee z\u00e1jem je velk\u00fd a term\u00edny se rychle obsazuj\u00ed.                                                                                                                                                                                                                                                                                                                                                                                          5\/5 - (5 votes)        "},{"@context":"https:\/\/schema.org\/","@type":"BreadcrumbList","itemListElement":[{"@type":"ListItem","position":1,"name":"U\u017e\u00edvejte si hezk\u00e9 z\u00e1\u017eitky","item":"https:\/\/www.zpraku.cz\/uzivejte-si-hezke-zazitky\/#breadcrumbitem"}]}]