[{"@context":"https:\/\/schema.org\/","@type":"Article","@id":"https:\/\/www.zpraku.cz\/kultura-ve-mestech\/#Article","mainEntityOfPage":"https:\/\/www.zpraku.cz\/kultura-ve-mestech\/","headline":"Kultura ve m\u011bstech","name":"Kultura ve m\u011bstech","description":"Pokud se s\u00a0n\u011b\u010d\u00edm setk\u00e1v\u00e1me mnohem v\u00edce ne\u017e d\u0159\u00edve, je to to, \u017ee m\u011bsta pl\u00e1nuj\u00ed r\u016fzn\u00e9 kulturn\u00ed akce, aby p\u0159il\u00e1kaly co nejv\u00edce lid\u00ed a podpo\u0159ily tak turismus dan\u00e9ho m\u011bsta. I men\u0161\u00ed m\u011bsta, o kter\u00fdch jste ani nev\u011bd\u011bli, \u017ee existuj\u00ed, minim\u00e1ln\u011b jednou za rok po\u0159\u00e1daj\u00ed n\u011bjakou tu kulturn\u00ed akci, kterou pl\u00e1nuj\u00ed klidn\u011b cel\u00fd rok a jde jim [&hellip;]","datePublished":"2024-04-30","dateModified":"2024-04-30","author":{"@type":"Person","@id":"https:\/\/www.zpraku.cz\/author\/#Person","name":"","url":"https:\/\/www.zpraku.cz\/author\/","identifier":1,"image":{"@type":"ImageObject","@id":"https:\/\/secure.gravatar.com\/avatar\/9cae764794acc12213aa530e21558ed2bd96c03f91e0c3ad21cc1905765be658?s=96&d=mm&r=g","url":"https:\/\/secure.gravatar.com\/avatar\/9cae764794acc12213aa530e21558ed2bd96c03f91e0c3ad21cc1905765be658?s=96&d=mm&r=g","height":96,"width":96}},"publisher":{"@type":"Organization","name":"zpraku.cz","logo":{"@type":"ImageObject","@id":"\/logo.png","url":"\/logo.png","width":600,"height":60}},"image":{"@type":"ImageObject","@id":"https:\/\/www.zpraku.cz\/wp-content\/uploads\/mixer-4197730_640.jpg","url":"https:\/\/www.zpraku.cz\/wp-content\/uploads\/mixer-4197730_640.jpg","height":0,"width":0},"url":"https:\/\/www.zpraku.cz\/kultura-ve-mestech\/","about":["Kultura"],"wordCount":457,"articleBody":"Pokud se s\u00a0n\u011b\u010d\u00edm setk\u00e1v\u00e1me mnohem v\u00edce ne\u017e d\u0159\u00edve, je to to, \u017ee m\u011bsta pl\u00e1nuj\u00ed r\u016fzn\u00e9 kulturn\u00ed akce, aby p\u0159il\u00e1kaly co nejv\u00edce lid\u00ed a podpo\u0159ily tak turismus dan\u00e9ho m\u011bsta. I men\u0161\u00ed m\u011bsta, o kter\u00fdch jste ani nev\u011bd\u011bli, \u017ee existuj\u00ed, minim\u00e1ln\u011b jednou za rok po\u0159\u00e1daj\u00ed n\u011bjakou tu kulturn\u00ed akci, kterou pl\u00e1nuj\u00ed klidn\u011b cel\u00fd rok a jde jim hlavn\u011b o to, aby dan\u00e1 akce st\u00e1la za to. Ur\u010dit\u011b nen\u00ed \u0161patn\u011b, \u017ee se chce m\u011bsto uk\u00e1zat a pl\u00e1nuje akci, kter\u00e1 za to bude opravdu st\u00e1t. Je dost mo\u017en\u00e9, \u017ee pokud bude dan\u00e1 akce v\u00edce ne\u017e dobr\u00e1 a m\u011bsto se rozhodne danou akci po\u0159\u00e1dat ka\u017ed\u00fd rok, bude na danou akci jezdit \u010d\u00edm d\u00e1l t\u00edm v\u00edce lid\u00ed. Rozhodn\u011b se m\u016f\u017ee st\u00e1t, \u017ee si dan\u00e1 akce ud\u011bl\u00e1 jm\u00e9no a najdou se lid\u00e9 i z\u00a0opa\u010dn\u00e9 strany republiky, kte\u0159\u00ed se p\u0159ijedou pod\u00edvat.N\u011bco takov\u00e9ho je c\u00edlem cel\u00e9 \u0159ady m\u011bst. Uk\u00e1zat se je n\u011bco, o co se sna\u017e\u00ed skute\u010dn\u011b mnoho m\u011bst a nikdo se jim nem\u016f\u017ee divit. Je opravdu pochopiteln\u00e9, \u017ee se chce dan\u00e9 m\u011bsto uk\u00e1zat a to v\u00a0co nejlep\u0161\u00edm sv\u011btle. Pokud m\u00e1 v\u00a0dne\u0161n\u00ed dob\u011b n\u011bco snad \u00fapln\u011b ka\u017ed\u00e9 m\u011bsto, jsou to v\u00e1no\u010dn\u00ed a velikono\u010dn\u00ed trhy. N\u011b\u010d\u00edm takov\u00fdm u\u017e v\u00a0dne\u0161n\u00ed dob\u011b \u017e\u00e1dn\u00e9 m\u011bsto nezaujme. Pr\u00e1v\u011b z\u00a0toho d\u016fvodu je pot\u0159eba vymyslet n\u011bco, co bude origin\u00e1ln\u00ed a co opravdu p\u0159il\u00e1k\u00e1 z\u00e1jem ve\u0159ejnosti.Je pot\u0159eba se trochu posna\u017eit, aby dan\u00e9 m\u011bsto zaujalo. V\u00a0dne\u0161n\u00ed dob\u011b je ale mnoho mo\u017enost\u00ed, kter\u00e9 se daj\u00ed vyu\u017e\u00edt. Je tedy na ka\u017ed\u00e9m m\u011bstu, jak se k\u00a0p\u0159il\u00e1k\u00e1n\u00ed co nejv\u00edce lid\u00ed postav\u00ed. V\u0161echno je to o tom, neb\u00e1t se n\u011bco napl\u00e1novat. Najde se mnoho lid\u00ed, kte\u0159\u00ed mnoho v\u011bc\u00ed ocen\u00ed a to v\u010detn\u011b zaj\u00edmav\u00fdch ud\u00e1lost\u00ed, kter\u00e9 je\u0161t\u011b nav\u00edc \u010dlov\u011bku n\u011bco daj\u00ed.Nemuselo by b\u00fdt \u0161patn\u00e9 d\u00e1t m\u011bstu n\u011bjak\u00e9 n\u00e1vrhy. Je mo\u017en\u00e9, \u017ee pr\u00e1v\u011b n\u011bco takov\u00e9ho bude t\u00edm, co dan\u00e9 m\u011bsto donut\u00ed n\u011bco vymyslet. Kulturn\u00ed akce jsou n\u011bco, co skute\u010dn\u011b nesm\u00ed chyb\u011bt. V\u017edy se najde mnoho lid\u00ed, kte\u0159\u00ed se p\u0159ijdou velice r\u00e1di pod\u00edvat. Nemyslete si, \u017ee by se na dan\u00e9 akci nikdo neuk\u00e1zal. Rozhodn\u011b se n\u011bkdo najde.                                                                                                                                                                                                                                                                                                                                                                                        4.6\/5 - (5 votes)        "},{"@context":"https:\/\/schema.org\/","@type":"BreadcrumbList","itemListElement":[{"@type":"ListItem","position":1,"name":"Kultura ve m\u011bstech","item":"https:\/\/www.zpraku.cz\/kultura-ve-mestech\/#breadcrumbitem"}]}]